{"id":487,"date":"2024-01-16T06:00:00","date_gmt":"2024-01-16T05:00:00","guid":{"rendered":"http:\/\/audioactif.fr\/mdam\/2024\/01\/16\/a-la-decouverte-de-funeral-thru\/"},"modified":"2024-02-05T15:22:06","modified_gmt":"2024-02-05T14:22:06","slug":"a-la-decouverte-de-funeral-thru","status":"publish","type":"post","link":"http:\/\/audioactif.fr\/mdam\/2024\/01\/16\/a-la-decouverte-de-funeral-thru\/","title":{"rendered":"A la d\u00e9couverte de &#8230; Funeral Thru"},"content":{"rendered":"<p><iframe name=\"Ausha Podcast Player\" frameborder=\"0\" loading=\"lazy\" id=\"ausha-yZMN\" height=\"220\" style=\"border: none; width:100%; height:220px\" src=\"https:\/\/player.ausha.co\/?podcastId=oR0DFO7Wzk5b&#038;playlist=false&#038;color=%2372238e&#038;v=3&#038;playerId=ausha-yZMN\"><\/iframe><script src=\"https:\/\/player.ausha.co\/ausha-player.js\"><\/script><\/p>\n<p>Salut \u00e0 toutes et \u00e0 tous, <\/p>\n<p><\/p>\n<p>Nouvel \u00e9pisode enregistr\u00e9 en compagnie du duo <b>Funeral Thru<\/b> qui vient de sortir son 1er album <em>First Blood \/ Last Rites<\/em>.<\/p>\n<p><em>Emilie<\/em> et <em>Guillaume<\/em> se sont retrouv\u00e9s pour lancer un projet \u00e0 mi chemin entre \u00e9lectro et punk.<\/p>\n<p><\/p>\n<p>Nous \u00e9changeons autour de leurs influences, des petits trucs qui permettent d&#8217;apporter des variations sur les motifs \u00e9lectroniques et les moyens pour reproduire ces morceaux en live.<\/p>\n<p><\/p>\n<p>Tracklist : <\/p>\n<p>Intro : Bad Blood (<b>First Blood \/ Last Rites<\/b> &#8211; 2024)<\/p>\n<p>Extrait 1 28min00s : Cosmic Groove (<b>First Blood \/ Last Rites<\/b> &#8211; 2024)<\/p>\n<p>Extrait 2 34min15s : Room 13 (<b>First Blood \/ Last Rites<\/b> &#8211; 2024)<\/p>\n<p>Outro : Square Root (<b>First Blood \/ Last Rites<\/b> &#8211; 2024)<\/p>\n<p><\/p>\n<p>Vous pouvez retrouver l&#8217;actu de Funeral Thru sur <a href=\"https:\/\/www.instagram.com\/funeral.thru\/\">Instagram <\/a> , <a href=\"https:\/\/funeralthru.bandcamp.com\/album\/first-blood-last-rites\">Bandcamp<\/a> et <a href=\"https:\/\/www.facebook.com\/funeralthru\/\">Facebook<\/a>.<\/p>\n<p>N&#8217;h\u00e9sitez pas \u00e0 laisser des commentaires sur vos applis de podcast et \u00e0 me retrouver sur Twitter ; <a href=\"https:\/\/twitter.com\/MDAM_pod\">@MDAM_pod<\/a>\u00a0<\/p>\n","protected":false},"excerpt":{"rendered":"<p>Salut \u00e0 toutes et \u00e0 tous, Nouvel \u00e9pisode enregistr\u00e9 en compagnie du duo Funeral Thru qui vient de sortir son 1er album First Blood \/ Last Rites.Emilie et Guillaume se sont retrouv\u00e9s pour lancer un projet \u00e0 mi chemin entre \u00e9lectro et punk.Nous \u00e9changeon&#8230;<\/p>\n","protected":false},"author":930,"featured_media":488,"comment_status":"open","ping_status":"open","sticky":false,"template":"","format":"standard","meta":{"cybocfi_hide_featured_image":"","footnotes":"","fifu_image_url":"","fifu_image_alt":"","_vp_format_video_url":"","_vp_image_focal_point":[]},"categories":[4],"tags":[],"views":782,"_links":{"self":[{"href":"http:\/\/audioactif.fr\/mdam\/wp-json\/wp\/v2\/posts\/487"}],"collection":[{"href":"http:\/\/audioactif.fr\/mdam\/wp-json\/wp\/v2\/posts"}],"about":[{"href":"http:\/\/audioactif.fr\/mdam\/wp-json\/wp\/v2\/types\/post"}],"author":[{"embeddable":true,"href":"http:\/\/audioactif.fr\/mdam\/wp-json\/wp\/v2\/users\/930"}],"replies":[{"embeddable":true,"href":"http:\/\/audioactif.fr\/mdam\/wp-json\/wp\/v2\/comments?post=487"}],"version-history":[{"count":1,"href":"http:\/\/audioactif.fr\/mdam\/wp-json\/wp\/v2\/posts\/487\/revisions"}],"predecessor-version":[{"id":502,"href":"http:\/\/audioactif.fr\/mdam\/wp-json\/wp\/v2\/posts\/487\/revisions\/502"}],"wp:featuredmedia":[{"embeddable":true,"href":"http:\/\/audioactif.fr\/mdam\/wp-json\/wp\/v2\/media\/488"}],"wp:attachment":[{"href":"http:\/\/audioactif.fr\/mdam\/wp-json\/wp\/v2\/media?parent=487"}],"wp:term":[{"taxonomy":"category","embeddable":true,"href":"http:\/\/audioactif.fr\/mdam\/wp-json\/wp\/v2\/categories?post=487"},{"taxonomy":"post_tag","embeddable":true,"href":"http:\/\/audioactif.fr\/mdam\/wp-json\/wp\/v2\/tags?post=487"}],"curies":[{"name":"wp","href":"https:\/\/api.w.org\/{rel}","templated":true}]}}